{"id":3800,"date":"2020-06-12T18:16:07","date_gmt":"2020-06-12T18:16:07","guid":{"rendered":"http:\/\/fonevol.net\/?p=3800"},"modified":"2021-03-07T11:47:17","modified_gmt":"2021-03-07T11:47:17","slug":"objeccio-de-consciencia","status":"publish","type":"post","link":"http:\/\/fonevol.net\/index.php\/2020\/06\/12\/objeccio-de-consciencia\/","title":{"rendered":"OBJECCI\u00d3 DE CONSCI\u00c8NCIA"},"content":{"rendered":"\n<p>Moltes voltes quan les dones demanen avan\u00e7ar un poc en els drets que tenen a les festes d\u2019Alcoi, la directiva de les filaes contesta que no poden fer res perqu\u00e8 l\u2019Associaci\u00f3 de Sant Jordi no els ho permet.<\/p>\n\n\n\n<p>No sabem si estan d\u2019acord amb l\u2019ASJ i la posen com a excusa o si de deveres pensen que l\u2019ASJ \u00e9s injusta i compleixen les seues normes a contracor.<\/p>\n\n\n\n<p>Ja posats ens agradaria demanar a les filaes que es plantegen les normes de l\u2019Associaci\u00f3 de Sant Jordi, que sigen objectors de consci\u00e8ncia, que traguen al carrer esquadres mixtes i que visquen un trage uniforme. Despr\u00e9s si els castiguen a triar els \u00faltims les entradetes haur\u00e0 valgut la pena, avan\u00e7ar en la igualtat s\u2019ho val.<\/p>\n\n\n\n<p>Fa 23 anys les esquadres eren de festers, ni mixtes ni res, es triava per roda.<\/p>\n\n\n\n<p>Fa 23 anys els trages no eren masculins, eren trages de fester i va ser quan van obligar a fer els femenins quan es va passar a anomenar-los masculins.&nbsp; El trage \u00e9s el que identifica a la fil\u00e0, quan una persona pensa amb una fil\u00e0 a la seua ment no apareix la figura del disseny femen\u00ed, \u00e9s el trage de fester el que primer li ve al cap.<\/p>\n\n\n\n<p>En els \u00faltims anys les filaes han d\u2019oferir morat\u00f2ries a les dones quan van canviant els vestits femenins per a que cada volta s\u2019assemblen m\u00e9s a l\u2019oficial.<\/p>\n\n\n\n<p>Ja est\u00e0 b\u00e9!<\/p>\n\n\n\n<p>FON\u00c8VOL<\/p>\n","protected":false},"excerpt":{"rendered":"<p>Moltes voltes quan les dones demanen avan\u00e7ar un poc en els drets que tenen a les festes d\u2019Alcoi, la directiva de&#8230;<\/p>\n","protected":false},"author":2,"featured_media":3802,"comment_status":"closed","ping_status":"closed","sticky":false,"template":"","format":"standard","meta":{"footnotes":""},"categories":[64],"tags":[],"class_list":["post-3800","post","type-post","status-publish","format-standard","has-post-thumbnail","hentry","category-article"],"_links":{"self":[{"href":"http:\/\/fonevol.net\/index.php\/wp-json\/wp\/v2\/posts\/3800","targetHints":{"allow":["GET"]}}],"collection":[{"href":"http:\/\/fonevol.net\/index.php\/wp-json\/wp\/v2\/posts"}],"about":[{"href":"http:\/\/fonevol.net\/index.php\/wp-json\/wp\/v2\/types\/post"}],"author":[{"embeddable":true,"href":"http:\/\/fonevol.net\/index.php\/wp-json\/wp\/v2\/users\/2"}],"replies":[{"embeddable":true,"href":"http:\/\/fonevol.net\/index.php\/wp-json\/wp\/v2\/comments?post=3800"}],"version-history":[{"count":1,"href":"http:\/\/fonevol.net\/index.php\/wp-json\/wp\/v2\/posts\/3800\/revisions"}],"predecessor-version":[{"id":3803,"href":"http:\/\/fonevol.net\/index.php\/wp-json\/wp\/v2\/posts\/3800\/revisions\/3803"}],"wp:featuredmedia":[{"embeddable":true,"href":"http:\/\/fonevol.net\/index.php\/wp-json\/wp\/v2\/media\/3802"}],"wp:attachment":[{"href":"http:\/\/fonevol.net\/index.php\/wp-json\/wp\/v2\/media?parent=3800"}],"wp:term":[{"taxonomy":"category","embeddable":true,"href":"http:\/\/fonevol.net\/index.php\/wp-json\/wp\/v2\/categories?post=3800"},{"taxonomy":"post_tag","embeddable":true,"href":"http:\/\/fonevol.net\/index.php\/wp-json\/wp\/v2\/tags?post=3800"}],"curies":[{"name":"wp","href":"https:\/\/api.w.org\/{rel}","templated":true}]}}