{"id":3869,"date":"2022-05-15T15:14:02","date_gmt":"2022-05-15T15:14:02","guid":{"rendered":"http:\/\/fonevol.net\/?p=3869"},"modified":"2025-10-05T15:47:54","modified_gmt":"2025-10-05T15:47:54","slug":"bases-del-concurs-de-fotografia-2022","status":"publish","type":"post","link":"https:\/\/fonevol.net\/index.php\/2022\/05\/15\/bases-del-concurs-de-fotografia-2022\/","title":{"rendered":"Bases del concurs de fotografia 2022"},"content":{"rendered":"\n<p><strong>16\u00e9 CONCURS DE FOTOGRAFIA FON\u00c8VOL<\/strong><\/p>\n\n\n\n<p>Enguany hem tornat a celebrar les festes i volem tornar a convocar el nostre concurs. Ens agrada mostrar al m\u00f3n que el nostre poble va, poc a poc, permetent a totes les persones decidir com participar en la festa i que els drets i els deures siguen els mateixos sense que importe el g\u00e8nere.<\/p>\n\n\n\n<p>Aquest any tornarem a fer el concurs en format digital i exposarem les fotografies guanyadores i una selecci\u00f3 de les presentades en format anal\u00f2gic.<\/p>\n\n\n\n<p><strong>Bases reguladores del concurs<\/strong><\/p>\n\n\n\n<ol class=\"wp-block-list\" type=\"1\">\n<li>PARTICIPANTS:&nbsp; poden participar en el concurs totes les persones majors d\u2019edat.<\/li>\n\n\n\n<li>TEMA: Una visi\u00f3 cr\u00edtica sobre la participaci\u00f3 de la dona en la festa. Es valorar\u00e0 la qualitat t\u00e8cnica de les fotografies i, especialment, el seu contingut cr\u00edtic.<\/li>\n\n\n\n<li>MODALITATS:<\/li>\n<\/ol>\n\n\n\n<p>&#8211; Fotografia en blanc i negre.<\/p>\n\n\n\n<p>&#8211; Fotografia en color.<\/p>\n\n\n\n<ul class=\"wp-block-list\">\n<li>PREMIS:<\/li>\n<\/ul>\n\n\n\n<p>FOTOGRAFIA BLANC I NEGRE<\/p>\n\n\n\n<p>1r Premi 200 euros.<\/p>\n\n\n\n<p>2n Premi 100 euros.<\/p>\n\n\n\n<p>FOTOGRAFIA COLOR<\/p>\n\n\n\n<p>1r Premi 200 euros.<\/p>\n\n\n\n<p>2n Premi 100 euros.<\/p>\n\n\n\n<ul class=\"wp-block-list\">\n<li>PRESENTACI\u00d3<\/li>\n<\/ul>\n\n\n\n<p>Les obres es presentaran en format digital mitjan\u00e7ant un correu electr\u00f2nic al qual s\u2019adjuntar\u00e0 un arxiu inform\u00e0tic amb les fotografies. El correu on presentar les obres \u00e9s <a href=\"mailto:fonevol@hotmail.com\">fonevol@hotmail.com<\/a>. Cada participant far\u00e0 constar en el cos del correu electr\u00f2nic les dades de la persona concursant (nom, cognoms, adre\u00e7a electr\u00f2nica i tel\u00e8fon) i el t\u00edtol de cada fotografia. Es pot afegir, de manera opcional, el lloc on s\u2019ha fet cada fotografia i una breu descripci\u00f3 o explicaci\u00f3 del motiu que l\u2019ha inspirada.<\/p>\n\n\n\n<p>Fon\u00e8vol incorporar\u00e0 al seu arxiu les fotografies presentades i es reserva el dret a reproduir i difondre totes les obres participants. Les fotografies han de ser pr\u00f2pies i que anteriorment no hagen estat premiades en cap altre concurs.<\/p>\n\n\n\n<p>S\u2019admetr\u00e0 un m\u00e0xim de tres fotografies per autor i per categoria.<\/p>\n\n\n\n<p>La participaci\u00f3 en aquest concurs comporta l\u2019acceptaci\u00f3 de les seues bases. Els autors assumiran la responsabilitat quant a l\u2019autoria i l\u2019originalitat de les fotos que envien.<\/p>\n\n\n\n<p>Fon\u00e8vol informar\u00e0 de la recepci\u00f3 correcta de les fotografies mitjan\u00e7ant un correu electr\u00f2nic de confirmaci\u00f3 a l\u2019adre\u00e7a dels remitents.<\/p>\n\n\n\n<ul class=\"wp-block-list\">\n<li>FORMAT<\/li>\n<\/ul>\n\n\n\n<p>Cada fotografia tindr\u00e0 un m\u00ednim de 3 MB de grand\u00e0ria. S\u2019ha de trametre en est\u00e0ndard JPEG, sense cap marca d\u2019aigua ni cap identificaci\u00f3. Cada imatge digital ha de portar com a nom el t\u00edtol de la instant\u00e0nia per tal d\u2019identificar-la correctament. &nbsp;<\/p>\n\n\n\n<ul class=\"wp-block-list\">\n<li>TERMINI<\/li>\n<\/ul>\n\n\n\n<p>L\u2019admissi\u00f3 d \u2018imatges comen\u00e7ar\u00e0 l&#8217;1 de setembre i finalitzar\u00e0 el 20 del mateix mes de 2022.<\/p>\n\n\n\n<ul class=\"wp-block-list\">\n<li>JURAT<\/li>\n<\/ul>\n\n\n\n<p>Estar\u00e0 compost per persones relacionades amb els camps de la fotografia, de les arts pl\u00e0stiques, del m\u00f3n associatiu femen\u00ed o de la participaci\u00f3 de les dones en la festa d\u2019Alcoi. El jurat es reserva el dret de declarar desert el concurs. Qualsevol cas imprevist ser\u00e0 resolt a criteri de l&#8217;organitzaci\u00f3.<\/p>\n\n\n\n<p>REUNI\u00d3 DEL JURAT<\/p>\n\n\n\n<p>El jurat es reunir\u00e0 per elegir els premis el divendres 23 de setembre de 2022, a les 20 h. L&#8217;acte, a porta oberta, tindr\u00e0 lloc en la seu de Fon\u00e8vol.<\/p>\n\n\n\n<p>EXPOSICI\u00d3 I LLIURAMENT DELS PREMIS<\/p>\n\n\n\n<p>Les obres escollides s\u2019exposaran en el Club UNESCO (C\/ Cid, 12, Alcoi) del 7 al 28 d\u2019octubre de 2022. El lliurament dels premis tindr\u00e0 lloc el divendres 7 d\u2019octubre, a les 20:15 h, coincidint amb l&#8217;acte d&#8217;inauguraci\u00f3 de l&#8217;exposici\u00f3. Les obres premiades, aix\u00ed com el dret a reproduir-les, quedaran com a propietat de Fon\u00e8vol. Cap participant no podr\u00e0 obtenir m\u00e9s d&#8217;un premi per modalitat.<\/p>\n\n\n\n<p>Organitza:<\/p>\n\n\n\n<p>Fon\u00e8vol<\/p>\n\n\n\n<p>Club d\u2019Amics de la UNESCO<\/p>\n\n\n\n<p>&nbsp;C\/ Cid, 12 03803 Alcoi<\/p>\n\n\n\n<p>E-mail: <a href=\"mailto:fonevol@hotmail.com\">fonevol@hotmail.com<\/a><\/p>\n\n\n\n<p>Col\u00b7laboren:<\/p>\n\n\n\n<p>Agrupaci\u00f3 Fotogr\u00e0fica Alcoiana<\/p>\n\n\n\n<p>Club d\u2019Amics de la UNESCO d\u2019Alcoi<\/p>\n","protected":false},"excerpt":{"rendered":"<p>16\u00e9 CONCURS DE FOTOGRAFIA FON\u00c8VOL Enguany hem tornat a celebrar les festes i volem tornar a convocar el nostre concurs. Ens&#8230;<\/p>\n","protected":false},"author":2,"featured_media":0,"comment_status":"closed","ping_status":"closed","sticky":false,"template":"","format":"standard","meta":{"footnotes":""},"categories":[1],"tags":[65],"class_list":["post-3869","post","type-post","status-publish","format-standard","hentry","category-sin-categoria","tag-concurs-de-fotos"],"_links":{"self":[{"href":"https:\/\/fonevol.net\/index.php\/wp-json\/wp\/v2\/posts\/3869","targetHints":{"allow":["GET"]}}],"collection":[{"href":"https:\/\/fonevol.net\/index.php\/wp-json\/wp\/v2\/posts"}],"about":[{"href":"https:\/\/fonevol.net\/index.php\/wp-json\/wp\/v2\/types\/post"}],"author":[{"embeddable":true,"href":"https:\/\/fonevol.net\/index.php\/wp-json\/wp\/v2\/users\/2"}],"replies":[{"embeddable":true,"href":"https:\/\/fonevol.net\/index.php\/wp-json\/wp\/v2\/comments?post=3869"}],"version-history":[{"count":2,"href":"https:\/\/fonevol.net\/index.php\/wp-json\/wp\/v2\/posts\/3869\/revisions"}],"predecessor-version":[{"id":4139,"href":"https:\/\/fonevol.net\/index.php\/wp-json\/wp\/v2\/posts\/3869\/revisions\/4139"}],"wp:attachment":[{"href":"https:\/\/fonevol.net\/index.php\/wp-json\/wp\/v2\/media?parent=3869"}],"wp:term":[{"taxonomy":"category","embeddable":true,"href":"https:\/\/fonevol.net\/index.php\/wp-json\/wp\/v2\/categories?post=3869"},{"taxonomy":"post_tag","embeddable":true,"href":"https:\/\/fonevol.net\/index.php\/wp-json\/wp\/v2\/tags?post=3869"}],"curies":[{"name":"wp","href":"https:\/\/api.w.org\/{rel}","templated":true}]}}