{"id":4194,"date":"2023-06-06T09:38:00","date_gmt":"2023-06-06T09:38:00","guid":{"rendered":"https:\/\/fonevol.net\/?p=4194"},"modified":"2026-03-28T09:41:44","modified_gmt":"2026-03-28T09:41:44","slug":"aixo-qui-ho-diu","status":"publish","type":"post","link":"https:\/\/fonevol.net\/index.php\/2023\/06\/06\/aixo-qui-ho-diu\/","title":{"rendered":"Aix\u00f2 qui ho diu?"},"content":{"rendered":"\n<p>Van dir que les dones no podien eixir a festes, van dir que no podien fer Diana, no podien fer esquadra, que no podien participar en esquadres mixtes, ni dones en la Gl\u00f2ria, i les dones van fer tot aix\u00f2 en 1998, 2015, 2016, 2017 i 2018 respectivament. I els deus no ens van convertir en est\u00e0tues de sal.<\/p>\n\n\n\n<p>Despr\u00e9s van obligar a tothom a acceptar que l\u2019article 16 de l\u2019ordenan\u00e7a significava que les dones no podien representar cap personatge fester:<\/p>\n\n\n\n<p><strong>\u00ab<\/strong>Se denominan Personajes Festers aquellas personas que ostentan durante la Fiesta los cargos representativos siguientes:<\/p>\n\n\n\n<p>a) Sant Jordiet<\/p>\n\n\n\n<p>b) Capitanes, uno por cada bando<\/p>\n\n\n\n<p>c) Alf\u00e9reces, uno por cada bando<\/p>\n\n\n\n<p>d) Moss\u00e9n Torregrossa<\/p>\n\n\n\n<p>e) Embajadores, uno por cada bando<\/p>\n\n\n\n<p>f) Sargentos, uno por cada bando<\/p>\n\n\n\n<p>g) Alcaide del Castillo Cristiano<\/p>\n\n\n\n<p>Los cargos ser\u00e1n representados por personas que se identifiquen tradicionalmente con el personaje hist\u00f3rico que representan y los valores que los rodean.<strong>\u00bb<\/strong><\/p>\n\n\n\n<p>Les normes qui les interpreta? Aix\u00f2 qui ho diu?<\/p>\n\n\n\n<p>Ara alg\u00fa ha pensat que l\u2019alferes s\u00ed, per\u00f2 que els capitans en festes representen a Jaume I i a Al-Azraq i que \u00e9s per aix\u00f2 que les dones no poden representar-los, per qu\u00e8 no, aix\u00f2 qui ho va decidir? Com s\u2019escampa per la ciutat eixa idea fal\u00b7la\u00e7?<\/p>\n\n\n\n<p>Les tradicions les constru\u00efm nosaltres, hem de decidir com de participatives les volem i no anar inventant excuses pseudohistoricistes per continuar entrebancant la plena igualtat de les dones en les festes del nostre poble.<\/p>\n\n\n\n<p>Les normes s&#8217;adapten a la societat i no al rev\u00e9s com ha sigut fins ara.<\/p>\n\n\n\n<p>Queda molt per fer<\/p>\n","protected":false},"excerpt":{"rendered":"<p>Van dir que les dones no podien eixir a festes, van dir que no podien fer Diana, no podien fer esquadra,&#8230;<\/p>\n","protected":false},"author":2,"featured_media":4066,"comment_status":"open","ping_status":"open","sticky":false,"template":"","format":"standard","meta":{"footnotes":""},"categories":[64],"tags":[92,63,83,82],"class_list":["post-4194","post","type-post","status-publish","format-standard","has-post-thumbnail","hentry","category-article","tag-92","tag-article","tag-dones","tag-festa"],"_links":{"self":[{"href":"https:\/\/fonevol.net\/index.php\/wp-json\/wp\/v2\/posts\/4194","targetHints":{"allow":["GET"]}}],"collection":[{"href":"https:\/\/fonevol.net\/index.php\/wp-json\/wp\/v2\/posts"}],"about":[{"href":"https:\/\/fonevol.net\/index.php\/wp-json\/wp\/v2\/types\/post"}],"author":[{"embeddable":true,"href":"https:\/\/fonevol.net\/index.php\/wp-json\/wp\/v2\/users\/2"}],"replies":[{"embeddable":true,"href":"https:\/\/fonevol.net\/index.php\/wp-json\/wp\/v2\/comments?post=4194"}],"version-history":[{"count":1,"href":"https:\/\/fonevol.net\/index.php\/wp-json\/wp\/v2\/posts\/4194\/revisions"}],"predecessor-version":[{"id":4195,"href":"https:\/\/fonevol.net\/index.php\/wp-json\/wp\/v2\/posts\/4194\/revisions\/4195"}],"wp:featuredmedia":[{"embeddable":true,"href":"https:\/\/fonevol.net\/index.php\/wp-json\/wp\/v2\/media\/4066"}],"wp:attachment":[{"href":"https:\/\/fonevol.net\/index.php\/wp-json\/wp\/v2\/media?parent=4194"}],"wp:term":[{"taxonomy":"category","embeddable":true,"href":"https:\/\/fonevol.net\/index.php\/wp-json\/wp\/v2\/categories?post=4194"},{"taxonomy":"post_tag","embeddable":true,"href":"https:\/\/fonevol.net\/index.php\/wp-json\/wp\/v2\/tags?post=4194"}],"curies":[{"name":"wp","href":"https:\/\/api.w.org\/{rel}","templated":true}]}}